{"id":45,"date":"2009-04-08T08:08:08","date_gmt":"2009-04-08T07:08:08","guid":{"rendered":"http:\/\/wacky.lima-city.de\/mine\/?p=45"},"modified":"2014-05-29T14:39:19","modified_gmt":"2014-05-29T13:39:19","slug":"wir-sind-dran","status":"publish","type":"post","link":"https:\/\/wacky.lima-city.de\/mine\/?p=45","title":{"rendered":"Wir sind dran!"},"content":{"rendered":"<p>\u201eI am not naive!\u201c US-Pr\u00e4sident Obama sagte diesen Satz, als er auf dem Prager Hradschin seine Vision einer atomwaffenfreien Welt entwickelte. Davor war gerade unser Verteidigungsb\u00fcndnis, die NATO, 60 Jahre alt geworden und hatte mit Albanien und Kroatien zwei neue Mitglieder aus dem ehemaligen Ostblock aufgenommen.<\/p>\n<p>Egal wie man zu Obama und seiner Pr\u00e4sidentschaft steht, was er vermittelt ist heute wohl wieder wichtiger denn je: das es gilt, sich Ziele zu stecken und dann so hart wie m\u00f6glich daran zu arbeiten, sie zu erreichen.<\/p>\n<p>\u201eWer eine neue Idee hat, ist ein Spinner, bis die Idee eingeschlagen hat\u201c, soll Mark Twain gesagt haben und genau darum geht es. Wir sind es, die unsere Zukunft gestalten. Auf unseren Schultern lastet die Verantwortung f\u00fcr das was kommt. Ein ehemaliger EU-Botschafter sagte mir vor kurzem mit einem Blick auf eine Schulklasse, an der wir vor\u00fcber gingen: \u201eSchau dir diese Kids an. Sie sind es, die in 30 Jahren f\u00fcr uns die Entscheidungen treffen.\u201c Erst war ich nat\u00fcrlich entt\u00e4uscht, dass er mich nicht in diese Gruppe einschloss, dann wurde mir klar, dass es an uns jungen Erwachsenen liegt, die Verantwortung, die uns obliegt, auch anzunehmen und daraus etwas Positives zu machen.<\/p>\n<p>Eine Krise, wie wir sie derzeit erleben, beinhaltet auch immer eine enorme Chance. Endlich k\u00f6nnen n\u00e4mlich so manche Ideen umgesetzt werden, die fr\u00fcher mit \u201eDas haben wir aber schon immer so gemacht\u201c abgetan wurden. Daf\u00fcr m\u00fcssen diese Ideen aber vorgebracht und vorangetrieben werden. In der Krise lassen sich Strukturen \u00e4ndern. Wir sollten unsere Meinung hier aktiv einbringen. Schlie\u00dflich sind wir es, die in den n\u00e4chsten 20 Jahren die Verantwortung tragen.<\/p>\n","protected":false},"excerpt":{"rendered":"<p>\u201eI am not naive!\u201c US-Pr\u00e4sident Obama sagte diesen Satz, als er auf dem Prager Hradschin seine Vision einer atomwaffenfreien Welt entwickelte. Davor war gerade unser Verteidigungsb\u00fcndnis, die NATO, 60 Jahre alt geworden und hatte mit Albanien und Kroatien zwei neue Mitglieder aus dem ehemaligen Ostblock aufgenommen. <a href=\"https:\/\/wacky.lima-city.de\/mine\/?p=45\">Weiterlesen <span class=\"meta-nav\">&rarr;<\/span><\/a><\/p>\n","protected":false},"author":1,"featured_media":0,"comment_status":"open","ping_status":"open","sticky":false,"template":"","format":"standard","meta":{"spay_email":""},"categories":[6,4],"tags":[24,21,22,23],"jetpack_featured_media_url":"","_links":{"self":[{"href":"https:\/\/wacky.lima-city.de\/mine\/index.php?rest_route=\/wp\/v2\/posts\/45"}],"collection":[{"href":"https:\/\/wacky.lima-city.de\/mine\/index.php?rest_route=\/wp\/v2\/posts"}],"about":[{"href":"https:\/\/wacky.lima-city.de\/mine\/index.php?rest_route=\/wp\/v2\/types\/post"}],"author":[{"embeddable":true,"href":"https:\/\/wacky.lima-city.de\/mine\/index.php?rest_route=\/wp\/v2\/users\/1"}],"replies":[{"embeddable":true,"href":"https:\/\/wacky.lima-city.de\/mine\/index.php?rest_route=%2Fwp%2Fv2%2Fcomments&post=45"}],"version-history":[{"count":2,"href":"https:\/\/wacky.lima-city.de\/mine\/index.php?rest_route=\/wp\/v2\/posts\/45\/revisions"}],"predecessor-version":[{"id":142,"href":"https:\/\/wacky.lima-city.de\/mine\/index.php?rest_route=\/wp\/v2\/posts\/45\/revisions\/142"}],"wp:attachment":[{"href":"https:\/\/wacky.lima-city.de\/mine\/index.php?rest_route=%2Fwp%2Fv2%2Fmedia&parent=45"}],"wp:term":[{"taxonomy":"category","embeddable":true,"href":"https:\/\/wacky.lima-city.de\/mine\/index.php?rest_route=%2Fwp%2Fv2%2Fcategories&post=45"},{"taxonomy":"post_tag","embeddable":true,"href":"https:\/\/wacky.lima-city.de\/mine\/index.php?rest_route=%2Fwp%2Fv2%2Ftags&post=45"}],"curies":[{"name":"wp","href":"https:\/\/api.w.org\/{rel}","templated":true}]}}